{"id":211,"date":"2020-08-20T20:37:29","date_gmt":"2020-08-20T20:37:29","guid":{"rendered":"https:\/\/myomnilife.com\/blog\/?p=211"},"modified":"2020-08-31T17:56:59","modified_gmt":"2020-08-31T17:56:59","slug":"la-fibra-en-tu-digestion-oml-fiber","status":"publish","type":"post","link":"https:\/\/myomnilife.com\/blog\/2020\/08\/20\/la-fibra-en-tu-digestion-oml-fiber\/","title":{"rendered":"La Fibra en Tu Digesti\u00f3n"},"content":{"rendered":"\n<p class=\"has-drop-cap\">Un mal funcionamiento del sistema digestivo puede ocasionar ansiedad, angustia o depresi\u00f3n. La conexi\u00f3n entre cerebro y sistema digestivo es m\u00e1s estrecha de lo que parece y act\u00faa en ambas direcciones. Considera que en el intestino viven una gran cantidad de microorganismos denominados &#8220;flora intestinal&#8221;. La alteraci\u00f3n o mal funcionamiento de estos microorganismos pueden producir trastornos como la obesidad, alergias e intolerancias, as\u00ed como tambi\u00e9n alteraciones psicol\u00f3gicas. Los cient\u00edficos aseguran que es en nuestra flora intestinal donde se produce el 90% de la serotonina, una sustancia qu\u00edmica que transmite mensajes entre las c\u00e9lulas nerviosas, \u00e9sta es encargada de controlar nuestro estado de \u00e1nimo, la depresi\u00f3n y la agresividad.<\/p>\n\n\n\n<p>Son varias las enfermedades que pueden atacar el sistema digestivo, entre ellas, Reflujo Gastroesof\u00e1gico, S\u00edndrome de Colon Irritable, Calculos biliares. Por ello, los expertos recomiendan beber por d\u00eda unos dos litros de agua para ayudar a eliminar los residuos generados en el tubo digestivo, masticar bien, consumir alimentos probi\u00f3ticos, no beber bebidas con gas durante las comidas, entre otras.&nbsp;<\/p>\n\n\n\n<p>Existen productos para favorecer el sistema digestivo, contribuir al transito intestinal, elevar la flora intestinal&nbsp; y evitar problemas gastro- intestinales, se recomiendan los siguientes:<\/p>\n\n\n\n<div class=\"wp-block-media-text is-stacked-on-mobile\" style=\"grid-template-columns:27% auto\" id=\"oml-fiber-supreme\"><figure class=\"wp-block-media-text__media\"><img loading=\"lazy\" decoding=\"async\" width=\"400\" height=\"400\" src=\"https:\/\/myomnilife.com\/blog\/wp-content\/uploads\/2020\/08\/oml_fiber_sm.png\" alt=\"OML Fiber Supreme\" class=\"wp-image-177\" srcset=\"https:\/\/myomnilife.com\/blog\/wp-content\/uploads\/2020\/08\/oml_fiber_sm.png 400w, https:\/\/myomnilife.com\/blog\/wp-content\/uploads\/2020\/08\/oml_fiber_sm-300x300.png 300w, https:\/\/myomnilife.com\/blog\/wp-content\/uploads\/2020\/08\/oml_fiber_sm-150x150.png 150w\" sizes=\"auto, (max-width: 400px) 100vw, 400px\" \/><\/figure><div class=\"wp-block-media-text__content\">\n<p class=\"has-normal-font-size\"><strong>OML Fiber Supreme: <\/strong>Por su combinaci\u00f3n de ingredientes como la inulina de agave y mezclas de fibra, ideales para contribuir al tr\u00e1nsito intestinal y promueven la sensaci\u00f3n de saciedad.<\/p>\n<\/div><\/div>\n\n\n\n<div class=\"wp-block-media-text has-media-on-the-right is-stacked-on-mobile is-vertically-aligned-center\" style=\"grid-template-columns:auto 33%\" id=\"aloe\"><figure class=\"wp-block-media-text__media\"><img loading=\"lazy\" decoding=\"async\" width=\"400\" height=\"400\" src=\"https:\/\/myomnilife.com\/blog\/wp-content\/uploads\/2020\/08\/aloepina_sm.png\" alt=\"Aloe Pi\u00f1a\" class=\"wp-image-194\" srcset=\"https:\/\/myomnilife.com\/blog\/wp-content\/uploads\/2020\/08\/aloepina_sm.png 400w, https:\/\/myomnilife.com\/blog\/wp-content\/uploads\/2020\/08\/aloepina_sm-300x300.png 300w, https:\/\/myomnilife.com\/blog\/wp-content\/uploads\/2020\/08\/aloepina_sm-150x150.png 150w\" sizes=\"auto, (max-width: 400px) 100vw, 400px\" \/><\/figure><div class=\"wp-block-media-text__content\">\n<p class=\"has-text-align-left has-normal-font-size\"><strong>Aloe Pi\u00f1a: <\/strong>Contiene como ingrediente aloe vera (s\u00e1bila), la cual tiene propiedades antiinflamatorias y poli dextrosa (fibra), las combinaciones de estos ingredientes favorecen la digesti\u00f3n.<\/p>\n<\/div><\/div>\n\n\n\n<p class=\"has-text-align-center\">Ordene estos productos ya mismo por WhatsApp o Messenger:<\/p>\n\n\n\n<div class=\"wp-block-group\"><div class=\"wp-block-group__inner-container is-layout-flow wp-block-group-is-layout-flow\">\n<div class=\"wp-block-group\"><div class=\"wp-block-group__inner-container is-layout-flow wp-block-group-is-layout-flow\">\n<div class=\"wp-block-columns is-layout-flex wp-container-core-columns-is-layout-9d6595d7 wp-block-columns-is-layout-flex\">\n<div class=\"wp-block-column is-vertically-aligned-top is-layout-flow wp-block-column-is-layout-flow\">\n<div class=\"wp-block-image is-style-default\"><figure class=\"aligncenter size-large is-resized\"><a href=\"https:\/\/wa.me\/message\/EDWHO3T77ATAM1\" target=\"_blank\" rel=\"noopener noreferrer\"><img loading=\"lazy\" decoding=\"async\" src=\"https:\/\/myomnilife.com\/blog\/wp-content\/uploads\/2020\/08\/whatsapp_icon.png\" alt=\"Ordene por Whatsapp\" class=\"wp-image-87\" width=\"133\" height=\"133\" srcset=\"https:\/\/myomnilife.com\/blog\/wp-content\/uploads\/2020\/08\/whatsapp_icon.png 597w, https:\/\/myomnilife.com\/blog\/wp-content\/uploads\/2020\/08\/whatsapp_icon-300x300.png 300w, https:\/\/myomnilife.com\/blog\/wp-content\/uploads\/2020\/08\/whatsapp_icon-150x150.png 150w\" sizes=\"auto, (max-width: 133px) 100vw, 133px\" \/><\/a><figcaption>WhatsApp<\/figcaption><\/figure><\/div>\n<\/div>\n\n\n\n<div class=\"wp-block-column is-layout-flow wp-block-column-is-layout-flow\">\n<div class=\"wp-block-image is-style-default\"><figure class=\"aligncenter size-large is-resized\"><a href=\"https:\/\/m.me\/myomnilifecom\" target=\"_blank\" rel=\"noopener noreferrer\"><img loading=\"lazy\" decoding=\"async\" src=\"https:\/\/myomnilife.com\/blog\/wp-content\/uploads\/2020\/08\/messenger_logo_sm.png\" alt=\"Facebook Messenger\" class=\"wp-image-243\" width=\"104\" height=\"104\" srcset=\"https:\/\/myomnilife.com\/blog\/wp-content\/uploads\/2020\/08\/messenger_logo_sm.png 512w, https:\/\/myomnilife.com\/blog\/wp-content\/uploads\/2020\/08\/messenger_logo_sm-300x300.png 300w, https:\/\/myomnilife.com\/blog\/wp-content\/uploads\/2020\/08\/messenger_logo_sm-150x150.png 150w\" sizes=\"auto, (max-width: 104px) 100vw, 104px\" \/><\/a><figcaption><br>Facebook Messenger<\/figcaption><\/figure><\/div>\n<\/div>\n<\/div>\n<\/div><\/div>\n\n\n\n<div class=\"wp-block-image is-style-default\"><figure class=\"aligncenter size-large is-resized\"><a href=\"https:\/\/wa.me\/message\/EDWHO3T77ATAM1\"><img loading=\"lazy\" decoding=\"async\" src=\"https:\/\/myomnilife.com\/blog\/wp-content\/uploads\/2020\/08\/whatsapp_link-1009x1024.jpeg\" alt=\"\" class=\"wp-image-88\" width=\"287\" height=\"292\" srcset=\"https:\/\/myomnilife.com\/blog\/wp-content\/uploads\/2020\/08\/whatsapp_link-1009x1024.jpeg 1009w, https:\/\/myomnilife.com\/blog\/wp-content\/uploads\/2020\/08\/whatsapp_link-295x300.jpeg 295w, https:\/\/myomnilife.com\/blog\/wp-content\/uploads\/2020\/08\/whatsapp_link-768x780.jpeg 768w, https:\/\/myomnilife.com\/blog\/wp-content\/uploads\/2020\/08\/whatsapp_link-1200x1218.jpeg 1200w, https:\/\/myomnilife.com\/blog\/wp-content\/uploads\/2020\/08\/whatsapp_link.jpeg 1374w\" sizes=\"auto, (max-width: 287px) 100vw, 287px\" \/><\/a><figcaption>Escanee este c\u00f3digo QR con su c\u00e1mara m\u00f3vil o haga click en WhatsApp.<br><br>Estamos para servirle!<\/figcaption><\/figure><\/div>\n\n\n\n<p class=\"has-text-align-center has-small-font-size\"><strong>MyOmnilife.com es un Distribuidor Mercantil Independiente Omnilife<\/strong><\/p>\n\n\n\n<div class=\"wp-block-image is-style-default\"><figure class=\"aligncenter size-large is-resized\"><img loading=\"lazy\" decoding=\"async\" src=\"https:\/\/myomnilife.com\/blog\/wp-content\/uploads\/2020\/08\/distribuidor_independiente_omnilife-1.png\" alt=\"\" class=\"wp-image-133\" width=\"110\" height=\"110\" srcset=\"https:\/\/myomnilife.com\/blog\/wp-content\/uploads\/2020\/08\/distribuidor_independiente_omnilife-1.png 350w, https:\/\/myomnilife.com\/blog\/wp-content\/uploads\/2020\/08\/distribuidor_independiente_omnilife-1-300x300.png 300w, https:\/\/myomnilife.com\/blog\/wp-content\/uploads\/2020\/08\/distribuidor_independiente_omnilife-1-150x150.png 150w\" sizes=\"auto, (max-width: 110px) 100vw, 110px\" \/><\/figure><\/div>\n\n\n\n<p class=\"has-text-align-center has-small-font-size\"><sub>Estas declaraciones no han sido evaluadas por la Administraci\u00f3n de Drogas y Alimentos de los Estados Unidos (FDA).<\/sub><br><sub>Estos productos no est\u00e1n destinados a diagnosticar, tratar, curar o prevenir ninguna enfermedad.<\/sub><\/p>\n<\/div><\/div>\n","protected":false},"excerpt":{"rendered":"<p>Un mal funcionamiento del sistema digestivo puede ocasionar ansiedad, angustia o depresi\u00f3n. La conexi\u00f3n entre cerebro y sistema digestivo es m\u00e1s estrecha de lo que parece y act\u00faa en ambas direcciones. Considera que en el intestino viven una gran cantidad de microorganismos denominados &#8220;flora intestinal&#8221;. La alteraci\u00f3n o mal funcionamiento<\/p>\n","protected":false},"author":2,"featured_media":287,"comment_status":"open","ping_status":"open","sticky":false,"template":"","format":"standard","meta":{"footnotes":""},"categories":[25,65,26,22,23,63],"tags":[37,61,60,62],"class_list":["post-211","post","type-post","status-publish","format-standard","has-post-thumbnail","hentry","category-peso-dietas","category-digestion-salud","category-nutricion","category-omnilife","category-productos","category-salud","tag-omnilife-aloe-pina","tag-digestion","tag-fibra","tag-oml-fiber"],"yoast_head":"<!-- This site is optimized with the Yoast SEO Premium plugin v14.8 - https:\/\/yoast.com\/wordpress\/plugins\/seo\/ -->\n<title>La Fibra en Tu Digesti\u00f3n - MyOmnilife.com \/Blog<\/title>\n<meta name=\"robots\" content=\"index, follow\" \/>\n<meta name=\"googlebot\" content=\"index, follow, max-snippet:-1, max-image-preview:large, max-video-preview:-1\" \/>\n<meta name=\"bingbot\" content=\"index, follow, max-snippet:-1, max-image-preview:large, max-video-preview:-1\" \/>\n<link rel=\"canonical\" href=\"https:\/\/myomnilife.com\/blog\/2020\/08\/20\/la-fibra-en-tu-digestion-oml-fiber\/\" \/>\n<meta property=\"og:locale\" content=\"en_US\" \/>\n<meta property=\"og:type\" content=\"article\" \/>\n<meta property=\"og:title\" content=\"La Fibra en Tu Digesti\u00f3n - MyOmnilife.com \/Blog\" \/>\n<meta property=\"og:description\" content=\"Un mal funcionamiento del sistema digestivo puede ocasionar ansiedad, angustia o depresi\u00f3n. La conexi\u00f3n entre cerebro y sistema digestivo es m\u00e1s estrecha de lo que parece y act\u00faa en ambas direcciones. Considera que en el intestino viven una gran cantidad de microorganismos denominados &#8220;flora intestinal&#8221;. La alteraci\u00f3n o mal funcionamiento\" \/>\n<meta property=\"og:url\" content=\"https:\/\/myomnilife.com\/blog\/2020\/08\/20\/la-fibra-en-tu-digestion-oml-fiber\/\" \/>\n<meta property=\"og:site_name\" content=\"MyOmnilife.com \/Blog\" \/>\n<meta property=\"article:publisher\" content=\"https:\/\/www.facebook.com\/myomnilifecom\" \/>\n<meta property=\"article:published_time\" content=\"2020-08-20T20:37:29+00:00\" \/>\n<meta property=\"article:modified_time\" content=\"2020-08-31T17:56:59+00:00\" \/>\n<meta property=\"og:image\" content=\"https:\/\/myomnilife.com\/blog\/wp-content\/uploads\/2020\/08\/fruits_and_veggies_opt.png\" \/>\n\t<meta property=\"og:image:width\" content=\"775\" \/>\n\t<meta property=\"og:image:height\" content=\"534\" \/>\n<meta name=\"twitter:card\" content=\"summary_large_image\" \/>\n<meta name=\"twitter:creator\" content=\"@realMyOmnilife\" \/>\n<meta name=\"twitter:site\" content=\"@realMyOmnilife\" \/>\n<script type=\"application\/ld+json\" class=\"yoast-schema-graph\">{\"@context\":\"https:\/\/schema.org\",\"@graph\":[{\"@type\":\"Organization\",\"@id\":\"https:\/\/myomnilife.com\/blog\/#organization\",\"name\":\"MyOmnilife\",\"url\":\"https:\/\/myomnilife.com\/blog\/\",\"sameAs\":[\"https:\/\/www.facebook.com\/myomnilifecom\",\"https:\/\/www.instagram.com\/realmyomnilife\/\",\"https:\/\/www.pinterest.com\/realmyomnilife\/\",\"https:\/\/twitter.com\/realMyOmnilife\"],\"logo\":{\"@type\":\"ImageObject\",\"@id\":\"https:\/\/myomnilife.com\/blog\/#logo\",\"inLanguage\":\"en-US\",\"url\":\"https:\/\/myomnilife.com\/blog\/wp-content\/uploads\/2020\/08\/myomnilife_logo_site.png\",\"width\":1461,\"height\":293,\"caption\":\"MyOmnilife\"},\"image\":{\"@id\":\"https:\/\/myomnilife.com\/blog\/#logo\"}},{\"@type\":\"WebSite\",\"@id\":\"https:\/\/myomnilife.com\/blog\/#website\",\"url\":\"https:\/\/myomnilife.com\/blog\/\",\"name\":\"MyOmnilife\",\"description\":\"Salud y Prosperidad\",\"publisher\":{\"@id\":\"https:\/\/myomnilife.com\/blog\/#organization\"},\"potentialAction\":[{\"@type\":\"SearchAction\",\"target\":\"https:\/\/myomnilife.com\/blog\/?s={search_term_string}\",\"query-input\":\"required name=search_term_string\"}],\"inLanguage\":\"en-US\"},{\"@type\":\"ImageObject\",\"@id\":\"https:\/\/myomnilife.com\/blog\/2020\/08\/20\/la-fibra-en-tu-digestion-oml-fiber\/#primaryimage\",\"inLanguage\":\"en-US\",\"url\":\"https:\/\/myomnilife.com\/blog\/wp-content\/uploads\/2020\/08\/fruits_and_veggies_opt.png\",\"width\":775,\"height\":534,\"caption\":\"Las fibras son importantes para la digesti\\u00f3n.\"},{\"@type\":\"WebPage\",\"@id\":\"https:\/\/myomnilife.com\/blog\/2020\/08\/20\/la-fibra-en-tu-digestion-oml-fiber\/#webpage\",\"url\":\"https:\/\/myomnilife.com\/blog\/2020\/08\/20\/la-fibra-en-tu-digestion-oml-fiber\/\",\"name\":\"La Fibra en Tu Digesti\\u00f3n - MyOmnilife.com \/Blog\",\"isPartOf\":{\"@id\":\"https:\/\/myomnilife.com\/blog\/#website\"},\"primaryImageOfPage\":{\"@id\":\"https:\/\/myomnilife.com\/blog\/2020\/08\/20\/la-fibra-en-tu-digestion-oml-fiber\/#primaryimage\"},\"datePublished\":\"2020-08-20T20:37:29+00:00\",\"dateModified\":\"2020-08-31T17:56:59+00:00\",\"breadcrumb\":{\"@id\":\"https:\/\/myomnilife.com\/blog\/2020\/08\/20\/la-fibra-en-tu-digestion-oml-fiber\/#breadcrumb\"},\"inLanguage\":\"en-US\",\"potentialAction\":[{\"@type\":\"ReadAction\",\"target\":[\"https:\/\/myomnilife.com\/blog\/2020\/08\/20\/la-fibra-en-tu-digestion-oml-fiber\/\"]}]},{\"@type\":\"BreadcrumbList\",\"@id\":\"https:\/\/myomnilife.com\/blog\/2020\/08\/20\/la-fibra-en-tu-digestion-oml-fiber\/#breadcrumb\",\"itemListElement\":[{\"@type\":\"ListItem\",\"position\":1,\"item\":{\"@type\":\"WebPage\",\"@id\":\"https:\/\/myomnilife.com\/blog\/\",\"url\":\"https:\/\/myomnilife.com\/blog\/\",\"name\":\"Home\"}},{\"@type\":\"ListItem\",\"position\":2,\"item\":{\"@type\":\"WebPage\",\"@id\":\"https:\/\/myomnilife.com\/blog\/2020\/08\/20\/la-fibra-en-tu-digestion-oml-fiber\/\",\"url\":\"https:\/\/myomnilife.com\/blog\/2020\/08\/20\/la-fibra-en-tu-digestion-oml-fiber\/\",\"name\":\"La Fibra en Tu Digesti\\u00f3n\"}}]},{\"@type\":\"Article\",\"@id\":\"https:\/\/myomnilife.com\/blog\/2020\/08\/20\/la-fibra-en-tu-digestion-oml-fiber\/#article\",\"isPartOf\":{\"@id\":\"https:\/\/myomnilife.com\/blog\/2020\/08\/20\/la-fibra-en-tu-digestion-oml-fiber\/#webpage\"},\"author\":{\"@id\":\"https:\/\/myomnilife.com\/blog\/#\/schema\/person\/fde44f75e12b42babd389abd14addb30\"},\"headline\":\"La Fibra en Tu Digesti\\u00f3n\",\"datePublished\":\"2020-08-20T20:37:29+00:00\",\"dateModified\":\"2020-08-31T17:56:59+00:00\",\"mainEntityOfPage\":{\"@id\":\"https:\/\/myomnilife.com\/blog\/2020\/08\/20\/la-fibra-en-tu-digestion-oml-fiber\/#webpage\"},\"commentCount\":0,\"publisher\":{\"@id\":\"https:\/\/myomnilife.com\/blog\/#organization\"},\"image\":{\"@id\":\"https:\/\/myomnilife.com\/blog\/2020\/08\/20\/la-fibra-en-tu-digestion-oml-fiber\/#primaryimage\"},\"keywords\":\"Aloe Pi\\u00f1a,digesti\\u00f3n,fibra,oml fiber\",\"articleSection\":\"Control de peso,Digesti\\u00f3n,Nutrici\\u00f3n,Omnilife,Productos,Salud\",\"inLanguage\":\"en-US\",\"potentialAction\":[{\"@type\":\"CommentAction\",\"name\":\"Comment\",\"target\":[\"https:\/\/myomnilife.com\/blog\/2020\/08\/20\/la-fibra-en-tu-digestion-oml-fiber\/#respond\"]}]},{\"@type\":\"Person\",\"@id\":\"https:\/\/myomnilife.com\/blog\/#\/schema\/person\/fde44f75e12b42babd389abd14addb30\",\"name\":\"Rosa Sanchez\",\"image\":{\"@type\":\"ImageObject\",\"@id\":\"https:\/\/myomnilife.com\/blog\/#personlogo\",\"inLanguage\":\"en-US\",\"url\":\"https:\/\/secure.gravatar.com\/avatar\/ad449e637573b50291e9083ea8b255d7d67aba5e9c8b04ac0a7e3c7849c69cf4?s=96&d=mm&r=g\",\"caption\":\"Rosa Sanchez\"}}]}<\/script>\n<!-- \/ Yoast SEO Premium plugin. -->","_links":{"self":[{"href":"https:\/\/myomnilife.com\/blog\/wp-json\/wp\/v2\/posts\/211","targetHints":{"allow":["GET"]}}],"collection":[{"href":"https:\/\/myomnilife.com\/blog\/wp-json\/wp\/v2\/posts"}],"about":[{"href":"https:\/\/myomnilife.com\/blog\/wp-json\/wp\/v2\/types\/post"}],"author":[{"embeddable":true,"href":"https:\/\/myomnilife.com\/blog\/wp-json\/wp\/v2\/users\/2"}],"replies":[{"embeddable":true,"href":"https:\/\/myomnilife.com\/blog\/wp-json\/wp\/v2\/comments?post=211"}],"version-history":[{"count":7,"href":"https:\/\/myomnilife.com\/blog\/wp-json\/wp\/v2\/posts\/211\/revisions"}],"predecessor-version":[{"id":341,"href":"https:\/\/myomnilife.com\/blog\/wp-json\/wp\/v2\/posts\/211\/revisions\/341"}],"wp:featuredmedia":[{"embeddable":true,"href":"https:\/\/myomnilife.com\/blog\/wp-json\/wp\/v2\/media\/287"}],"wp:attachment":[{"href":"https:\/\/myomnilife.com\/blog\/wp-json\/wp\/v2\/media?parent=211"}],"wp:term":[{"taxonomy":"category","embeddable":true,"href":"https:\/\/myomnilife.com\/blog\/wp-json\/wp\/v2\/categories?post=211"},{"taxonomy":"post_tag","embeddable":true,"href":"https:\/\/myomnilife.com\/blog\/wp-json\/wp\/v2\/tags?post=211"}],"curies":[{"name":"wp","href":"https:\/\/api.w.org\/{rel}","templated":true}]}}